{"id":4003,"date":"2026-04-30T09:00:52","date_gmt":"2026-04-30T09:00:52","guid":{"rendered":"https:\/\/blogbachillerato.ecca.edu.es\/?p=4003"},"modified":"2026-04-17T08:11:02","modified_gmt":"2026-04-17T08:11:02","slug":"evaluaciones-del-7-de-mayo-orientaciones","status":"publish","type":"post","link":"https:\/\/blogbachillerato.ecca.edu.es\/en\/evaluaciones-del-7-de-mayo-orientaciones\/","title":{"rendered":"Evaluaciones del 7 de mayo\/ Orientaciones"},"content":{"rendered":"<div class='booster-block booster-read-block'>\r\n                <div class=\"twp-read-time\">\r\n                \t<i class=\"booster-icon twp-clock\"><\/i> <span>Tiempo de lectura:<\/span>2 Minutos, 6 Segundos                <\/div>\r\n\r\n            <\/div><p><span style=\"font-size: 12pt;\"><span style=\"font-family: arial; text-align: justify;\">El pr\u00f3ximo jueves <strong>7 de mayo<\/strong><\/span><b style=\"font-family: arial; text-align: justify;\">\u00a0<\/b><span style=\"font-family: arial; text-align: justify;\">tendr\u00e1n lugar los ex\u00e1menes de l<\/span><span style=\"font-family: arial; line-height: 22px; text-align: justify;\">as siguientes acciones educativas:<\/span><\/span><\/p>\n<div style=\"clear: both; text-align: center;\"><img loading=\"lazy\" decoding=\"async\" class=\"alignnone  wp-image-4005\" src=\"https:\/\/blogbachillerato.ecca.edu.es\/wp-content\/uploads\/2026\/04\/07-05-26-300x85.png\" alt=\"\" width=\"406\" height=\"115\" srcset=\"https:\/\/blogbachillerato.ecca.edu.es\/wp-content\/uploads\/2026\/04\/07-05-26-300x85.png 300w, https:\/\/blogbachillerato.ecca.edu.es\/wp-content\/uploads\/2026\/04\/07-05-26-18x5.png 18w, https:\/\/blogbachillerato.ecca.edu.es\/wp-content\/uploads\/2026\/04\/07-05-26.png 604w\" sizes=\"auto, (max-width: 406px) 100vw, 406px\" \/><\/div>\n<div><\/div>\n<div><span style=\"font-family: Arial, Helvetica, sans-serif;\"><strong>IMPORTANTE<\/strong><\/span><\/div>\n<div>\n<table style=\"height: 153px;\" width=\"1025\">\n<tbody>\n<tr>\n<td width=\"576\"><span style=\"font-family: Arial, Helvetica, sans-serif;\"><strong>A estos ex\u00e1menes SOLO SE PUEDE PRESENTAR <u>alumnado matriculado \u00fanicamente en 1\u00ba de Bachillerato o en 2\u00ba de Bachillerato sin condiciones de titular.<\/u><\/strong><\/span><\/p>\n<p><span style=\"font-family: Arial, Helvetica, sans-serif;\"><strong>NO SE PUEDE PRESENTAR <u>alumnado matriculado en 2\u00ba de Bachillerato en condiciones de titular.<\/u><\/strong><\/span><\/td>\n<\/tr>\n<\/tbody>\n<\/table>\n<\/div>\n<p><span style=\"font-family: Arial, Helvetica, sans-serif; font-size: 12pt;\">Todos los ex\u00e1menes dar\u00e1n comienzo a las 18:00 horas:<\/span><\/p>\n<ul>\n<li><span style=\"font-family: Arial, Helvetica, sans-serif; font-size: 12pt;\">El alumnado que realice <strong>una \u00fanica prueba<\/strong> dispondr\u00e1 de un tiempo m\u00e1ximo de <strong>1 hora y 30 minutos<\/strong>, debiendo finalizar, como m\u00e1ximo, a las 19:30 horas.<\/span><\/li>\n<li><span style=\"font-family: Arial, Helvetica, sans-serif; font-size: 12pt;\">Si se presentan a <strong>dos ex\u00e1menes<\/strong> contar\u00e1n con un total de <strong>3 horas<\/strong>, con hora l\u00edmite de finalizaci\u00f3n a las 21:00 horas.<\/span><\/li>\n<\/ul>\n<p><em><span style=\"font-family: Arial, Helvetica, sans-serif;\">* Las horas de comienzo de los ex\u00e1menes para el alumnado de Gran Canaria Norte, Tenerife Centro y Tenerife Norte son las siguientes:<\/span><\/em><\/p>\n<p><img loading=\"lazy\" decoding=\"async\" class=\"size-medium wp-image-3888 aligncenter\" src=\"https:\/\/blogbachillerato.ecca.edu.es\/wp-content\/uploads\/2025\/11\/Captura-de-pantalla-2025-11-06-084737-300x166.png\" alt=\"\" width=\"300\" height=\"166\" srcset=\"https:\/\/blogbachillerato.ecca.edu.es\/wp-content\/uploads\/2025\/11\/Captura-de-pantalla-2025-11-06-084737-300x166.png 300w, https:\/\/blogbachillerato.ecca.edu.es\/wp-content\/uploads\/2025\/11\/Captura-de-pantalla-2025-11-06-084737-18x10.png 18w, https:\/\/blogbachillerato.ecca.edu.es\/wp-content\/uploads\/2025\/11\/Captura-de-pantalla-2025-11-06-084737.png 482w\" sizes=\"auto, (max-width: 300px) 100vw, 300px\" \/><\/p>\n<p><em><strong><span style=\"font-family: Arial, Helvetica, sans-serif;\">Deben confirmar siempre con su tutor\/a la hora y el lugar de realizaci\u00f3n de los ex\u00e1menes.<\/span><\/strong><\/em><\/p>\n<p style=\"line-height: 24px; text-align: justify; text-justify: inter-ideograph;\"><span style=\"font-family: arial; font-size: 12pt; line-height: 22px;\">Es importante ser puntual y acudir a la hora establecida al centro correspondiente, seg\u00fan las indicaciones dadas por los tutores\/as. Deben llevar, adem\u00e1s de un bol\u00edgrafo, un documento acreditativo de la identidad con fotograf\u00eda (DNI, NIE, carnet de conducir o pasaporte).\u00a0<\/span><\/p>\n<p><span style=\"font-family: Arial, Helvetica, sans-serif;\"><span style=\"font-size: 12pt;\">A continuaci\u00f3n les indicamos las orientaciones para las pruebas de ev<\/span>aluaci\u00f3n:<\/span><\/p>\n<p><span style=\"font-size: 12pt;\"><strong><span style=\"font-family: Arial, Helvetica, sans-serif;\">Acci\u00f3n y creaci\u00f3n<\/span><\/strong><\/span><\/p>\n<p><span style=\"font-family: Arial, Helvetica, sans-serif;\">La prueba de evaluaci\u00f3n se compone de dos partes:<\/span><br \/>\n<span style=\"font-family: Arial, Helvetica, sans-serif;\">&#8211; La primera, dedicada al <strong>contenido te\u00f3rico<\/strong>, se compone de 15 preguntas tipo test de 3 <\/span><span style=\"font-family: Arial, Helvetica, sans-serif;\">alternativas en las que deber\u00e1n elegir la correcta. Estas preguntas est\u00e1n relacionadas con conceptos <\/span><span style=\"font-family: Arial, Helvetica, sans-serif;\">o ideas que se han trabajado en los esquemas.<\/span><br \/>\n<span style=\"font-family: Arial, Helvetica, sans-serif;\">&#8211; La segunda se trata del <strong>an\u00e1lisis de un texto<\/strong>. Tras la lectura, el alumnado debe responder a tres <\/span><span style=\"font-family: Arial, Helvetica, sans-serif;\">preguntas relacionadas con el mismo como, por ejemplo: \u00bfcu\u00e1l es el tema o idea del texto? , \u00bfQue <\/span><span style=\"font-family: Arial, Helvetica, sans-serif;\">significa el concepto ____ para el autor\/a?&#8230;.<\/span><\/p>\n<p><span style=\"font-size: 12pt;\"><strong><span style=\"font-family: Arial, Helvetica, sans-serif;\">Time to speak&#8230;again! 3<\/span><\/strong><\/span><\/p>\n<p><span style=\"font-family: Arial, Helvetica, sans-serif;\">El examen constar\u00e1 de actividades similares a las que se detallan a continuaci\u00f3n (los enunciados aparecer\u00e1n en ingl\u00e9s):<\/span><br \/>\n<span style=\"font-family: Arial, Helvetica, sans-serif;\">1. <strong>Reported speech<\/strong>: convertir oraciones en voz activa a voz pasiva usando said, asked and told.<\/span><br \/>\n<span style=\"font-family: Arial, Helvetica, sans-serif;\">2. Ejercicios de<strong> tiempos verbales<\/strong> (Present Simple, Present Continuous, Past Simple, Present Perfect y Future).<\/span><br \/>\n<span style=\"font-family: Arial, Helvetica, sans-serif;\">3. Transformaci\u00f3n de oraciones a <strong>voz pasiva<\/strong>, respetando el tiempo verbal.<\/span><br \/>\n<span style=\"font-family: Arial, Helvetica, sans-serif;\">4. Completar oraciones con el tipo de <strong>condicional<\/strong> que corresponda.<\/span><br \/>\n<span style=\"font-family: Arial, Helvetica, sans-serif;\">5. <strong>Comprensi\u00f3n lectora<\/strong>. El alumnado deber\u00e1:<\/span><br \/>\n<span style=\"font-family: Arial, Helvetica, sans-serif;\">\u00a0 \u00a0 \u00a0 \u00a0 \u00a0 \u00a0 \u00a0 \u00a0 \u00a0 \u25cb Leer un di\u00e1logo contextualizado<\/span><br \/>\n<span style=\"font-family: Arial, Helvetica, sans-serif;\">\u00a0 \u00a0 \u00a0 \u00a0 \u00a0 \u00a0 \u00a0 \u00a0 \u00a0 \u25cb Responder a preguntas de verdadero\/falso<\/span><br \/>\n<span style=\"font-family: Arial, Helvetica, sans-serif;\">6. Redacci\u00f3n de una<strong> composici\u00f3n<\/strong> de unas 100 palabras, utilizando conectores y enlazadores, sobre una tem\u00e1tica trabajada durante el curso (descripci\u00f3n personal, experiencias personales, expresi\u00f3n de opiniones, etc.).<\/span><\/p>\n<p>&nbsp;<\/p>\n<p style=\"font-family: 'Times New Roman'; font-size: medium; line-height: 24px; text-align: justify; text-justify: inter-ideograph;\"><strong><span style=\"font-family: Arial, Helvetica, sans-serif; font-size: 12pt;\">\u00a1Mucha suerte!<\/span><\/strong><\/p>","protected":false},"excerpt":{"rendered":"<p>El pr\u00f3ximo jueves 7 de mayo\u00a0tendr\u00e1n lugar los ex\u00e1menes de las siguientes acciones educativas: IMPORTANTE A estos ex\u00e1menes SOLO SE PUEDE PRESENTAR alumnado matriculado \u00fanicamente en 1\u00ba de Bachillerato o en 2\u00ba de Bachillerato sin condiciones de titular. NO SE PUEDE PRESENTAR alumnado matriculado en 2\u00ba de Bachillerato en condiciones de titular. Todos los ex\u00e1menes [&hellip;]<\/p>","protected":false},"author":2,"featured_media":0,"comment_status":"closed","ping_status":"closed","sticky":false,"template":"","format":"standard","meta":{"footnotes":""},"categories":[1],"tags":[],"class_list":["post-4003","post","type-post","status-publish","format-standard","hentry","category-blog"],"_links":{"self":[{"href":"https:\/\/blogbachillerato.ecca.edu.es\/en\/wp-json\/wp\/v2\/posts\/4003","targetHints":{"allow":["GET"]}}],"collection":[{"href":"https:\/\/blogbachillerato.ecca.edu.es\/en\/wp-json\/wp\/v2\/posts"}],"about":[{"href":"https:\/\/blogbachillerato.ecca.edu.es\/en\/wp-json\/wp\/v2\/types\/post"}],"author":[{"embeddable":true,"href":"https:\/\/blogbachillerato.ecca.edu.es\/en\/wp-json\/wp\/v2\/users\/2"}],"replies":[{"embeddable":true,"href":"https:\/\/blogbachillerato.ecca.edu.es\/en\/wp-json\/wp\/v2\/comments?post=4003"}],"version-history":[{"count":2,"href":"https:\/\/blogbachillerato.ecca.edu.es\/en\/wp-json\/wp\/v2\/posts\/4003\/revisions"}],"predecessor-version":[{"id":4008,"href":"https:\/\/blogbachillerato.ecca.edu.es\/en\/wp-json\/wp\/v2\/posts\/4003\/revisions\/4008"}],"wp:attachment":[{"href":"https:\/\/blogbachillerato.ecca.edu.es\/en\/wp-json\/wp\/v2\/media?parent=4003"}],"wp:term":[{"taxonomy":"category","embeddable":true,"href":"https:\/\/blogbachillerato.ecca.edu.es\/en\/wp-json\/wp\/v2\/categories?post=4003"},{"taxonomy":"post_tag","embeddable":true,"href":"https:\/\/blogbachillerato.ecca.edu.es\/en\/wp-json\/wp\/v2\/tags?post=4003"}],"curies":[{"name":"wp","href":"https:\/\/api.w.org\/{rel}","templated":true}]}}