{"id":3949,"date":"2026-03-10T09:18:59","date_gmt":"2026-03-10T09:18:59","guid":{"rendered":"https:\/\/blogbachillerato.ecca.edu.es\/?p=3949"},"modified":"2026-03-10T09:18:59","modified_gmt":"2026-03-10T09:18:59","slug":"informacion-pau-curso-2025-2026","status":"publish","type":"post","link":"https:\/\/blogbachillerato.ecca.edu.es\/en\/informacion-pau-curso-2025-2026\/","title":{"rendered":"INFORMACI\u00d3N PAU CURSO 2025\/2026"},"content":{"rendered":"<div class='booster-block booster-read-block'>\r\n                <div class=\"twp-read-time\">\r\n                \t<i class=\"booster-icon twp-clock\"><\/i> <span>Tiempo de lectura:<\/span>3 Minutos, 0 Segundos                <\/div>\r\n\r\n            <\/div><p><span style=\"font-family: Arial, Helvetica, sans-serif;\">El alumnado de Bachillerato que desee continuar estudios universitarios deber\u00e1 realizar las <b>Pruebas de Acceso a la Universidad (PAU).<\/b><\/span><\/p>\n<p><span style=\"font-family: Arial, Helvetica, sans-serif;\">Para ello debe inscribirse en la<strong>\u00a0UNIVERSIDAD DE LAS PALMAS DE GRAN CANARIA (ULPGC)\u00a0<\/strong>o en la\u00a0<strong>UNIVERSIDAD DE LA LAGUNA (ULL)\u00a0<\/strong>en los plazos establecidos por cada universidad:<\/span><\/p>\n<ul>\n<li><span style=\"font-family: Arial, Helvetica, sans-serif;\">El alumnado de <strong>GRAN CANARIA<\/strong>, <strong>LANZAROTE<\/strong> y <strong>FUERTEVENTURA<\/strong> \u00a0debe inscribirse\u00a0en la <strong>UNIVERSIDAD DE LAS PALMAS DE GRAN CANARIA (ULPGC)<\/strong>.<\/span><\/li>\n<li><span style=\"font-family: Arial, Helvetica, sans-serif;\">El alumnado de <strong>TENERIFE<\/strong>, <strong>LA PALMA<\/strong>, <strong>LA GOMERA<\/strong> y <strong>EL HIERRO<\/strong> debe inscribirse\u00a0en la <strong>UNIVERSIDAD DE LA LAGUNA (ULL).<\/strong><\/span><\/li>\n<\/ul>\n<p><span style=\"font-family: Arial, Helvetica, sans-serif;\"><strong>INFORMACI\u00d3N DE INTER\u00c9S<\/strong><\/span><\/p>\n<ul>\n<li><span style=\"font-family: Arial, Helvetica, sans-serif;\">Los ex\u00e1menes se realizar\u00e1n en las siguientes fechas:<\/span>\n<ul>\n<li><span style=\"font-family: Arial, Helvetica, sans-serif;\"><strong>2, 3, 4 y 5 de junio<\/strong> (convocatoria ordinaria)<\/span><\/li>\n<li><span style=\"font-family: Arial, Helvetica, sans-serif;\"><strong>30 de junio, 1 y 2 de julio<\/strong> (convocatoria extraordinaria).<\/span><\/li>\n<li><span style=\"font-family: Arial, Helvetica, sans-serif;\"><a href=\"https:\/\/blogbachillerato.ecca.edu.es\/wp-content\/uploads\/2026\/03\/calendario-_pau_2026_ordinaria.pdf\">Calendario PAU &#8211; Horario junio<\/a><\/span><\/li>\n<li><a href=\"https:\/\/blogbachillerato.ecca.edu.es\/wp-content\/uploads\/2026\/03\/calendario-_pau_2026_extraordinaria.pdf\"><span style=\"font-family: Arial, Helvetica, sans-serif;\">Calendario PAU &#8211; Horario julio<\/span><\/a><\/li>\n<\/ul>\n<\/li>\n<\/ul>\n<p><span style=\"font-family: Arial, Helvetica, sans-serif;\">En los siguientes enlaces se encuentra la informaci\u00f3n sobre estas pruebas y la realizaci\u00f3n de la matr\u00edcula:<\/span><\/p>\n<ul>\n<li style=\"list-style-type: none;\">\n<ul>\n<li><span style=\"font-family: Arial, Helvetica, sans-serif;\"><a href=\"https:\/\/www.ulpgc.es\/acceso\/pau\"><strong>ULPGC<\/strong><\/a><\/span>\n<ul>\n<li><strong><span style=\"font-family: Arial, Helvetica, sans-serif;\">AUTOMATR\u00cdCULA PAU Y PREINSCRIPCI\u00d3N TEMPRANA (OPCIONAL) &#8211; <\/span><\/strong><span style=\"font-family: Arial, Helvetica, sans-serif;\">\u00a0<span class=\"color-red\"><strong>Plazo: del 17 de marzo al 17 de abril.<\/strong><\/span><\/span><\/li>\n<li><span style=\"font-family: Arial, Helvetica, sans-serif;\">P<\/span><span style=\"font-family: Arial, Helvetica, sans-serif;\">ara acceder a la aplicaci\u00f3n de la ULPGC y realizar la automatr\u00edcula PAU debe registrarse. <\/span><span style=\"font-family: Arial, Helvetica, sans-serif;\">Para acceder al servicio de registro<\/span><strong><span style=\"font-family: Arial, Helvetica, sans-serif;\"> deber\u00e1 autenticarse por medio del servicio de Cl@ve (clave pin, clave permanente, certificado electr\u00f3nico).<\/span><\/strong>\n<ul>\n<li style=\"list-style-type: none;\">\n<ul>\n<li><strong><span style=\"font-family: Arial, Helvetica, sans-serif;\">REGISTRO: <\/span><\/strong><span style=\"font-family: Arial, Helvetica, sans-serif;\">Una vez en posesi\u00f3n de un sistema de identificaci\u00f3n digital, el alumnado deber\u00e1 registrarse en la ULPGC para poder inscribirse en la PAU. Este proceso le suministrar\u00e1 una contrase\u00f1a con la que podr\u00e1 acceder a distintos procedimientos de gesti\u00f3n y consultas personales.<\/span><span style=\"font-family: Arial, Helvetica, sans-serif;\"><br \/>\nPara efectuar el registro deber\u00e1 dirigirse a: <a href=\"https:\/\/apps.ulpgc.es\/aru\/\">https:\/\/apps.ulpgc.es\/aru\/<\/a><\/span><\/li>\n<li><strong><span style=\"font-family: Arial, Helvetica, sans-serif;\">ACCESO AL PROGRAMA DE AUTOMATR\u00cdCULA PAU Y\u00a0 PREINSCRIPCI\u00d3N TEMPRANA: <\/span><\/strong><span style=\"font-family: Arial, Helvetica, sans-serif;\">U<\/span><span style=\"font-family: Arial, Helvetica, sans-serif;\">na vez registrado, el alumnado ya podr\u00e1 utilizar el programa de automatr\u00edcula en la p\u00e1gina web:<\/span><span style=\"font-family: Arial, Helvetica, sans-serif;\"><br \/>\n<a href=\"https:\/\/www.ulpgc.es\/acceso\/ebau\">https:\/\/www.ulpgc.es\/acceso\/ebau<\/a> donde encontrar\u00e1 el programa en el enlace:<br \/>\n<a href=\"https:\/\/aplica.ulpgc.es\/ebau\">https:\/\/aplica.ulpgc.es\/ebau.\u00a0<\/a><\/span> <span style=\"font-family: Arial, Helvetica, sans-serif;\">Cuando se pulsa sobre el enlace del programa, se encontrar\u00e1 con una pantalla de autenticaci\u00f3n (Servicio de Identificaci\u00f3n Centralizada) en la que debe introducir primero el DNI o NIE (sin letra al final) y despu\u00e9s la contrase\u00f1a obtenida al registrarse:<\/span><br \/>\n<img loading=\"lazy\" decoding=\"async\" class=\"size-full wp-image-3953 aligncenter\" src=\"https:\/\/blogbachillerato.ecca.edu.es\/wp-content\/uploads\/2026\/03\/Servicio-de-Identificacion-Centralizada.png\" alt=\"\" width=\"200\" height=\"212\" srcset=\"https:\/\/blogbachillerato.ecca.edu.es\/wp-content\/uploads\/2026\/03\/Servicio-de-Identificacion-Centralizada.png 200w, https:\/\/blogbachillerato.ecca.edu.es\/wp-content\/uploads\/2026\/03\/Servicio-de-Identificacion-Centralizada-11x12.png 11w, https:\/\/blogbachillerato.ecca.edu.es\/wp-content\/uploads\/2026\/03\/Servicio-de-Identificacion-Centralizada-24x24.png 24w\" sizes=\"auto, (max-width: 200px) 100vw, 200px\" \/><span style=\"font-family: Arial, Helvetica, sans-serif;\">Una vez dentro del programa, solo tiene que seguir los pasos que se le ir\u00e1n indicando.<\/span><\/li>\n<\/ul>\n<\/li>\n<\/ul>\n<\/li>\n<li><span style=\"font-family: Arial, Helvetica, sans-serif;\"><strong>IMPORTANTE PARA EL ALUMNADO QUE HA ACCEDIDO A BACHILLERTO CON EL T\u00cdTULO DE T\u00c9CNICO:<\/strong><\/span>\n<ul>\n<li><span style=\"font-family: Arial, Helvetica, sans-serif;\">Este alumnado deber\u00e1 matricularse de las dos asignaturas comunes de Historia de Espa\u00f1a e Historia de la Filosof\u00eda, o bien, elegir una de ellas y sustituir la otra por Ciencias Generales. En el caso de que opten por las dos asignaturas comunes, tendr\u00e1n que matricularse de la materia obligatoria de modalidad (Ciencias Generales) y luego contactar con la ULPGC para realizar el cambio de asignatura (contactopau@ulpgc.es).<\/span><\/li>\n<\/ul>\n<\/li>\n<\/ul>\n<\/li>\n<li><a href=\"https:\/\/www.ull.es\/admision-becas\/pau\/#convocatoria-2026\"><span style=\"font-family: Arial, Helvetica, sans-serif;\"><strong>ULL<\/strong><\/span><\/a>\n<ul>\n<li>\n<h2 class=\"wp-block-heading\" data-block-type=\"core\"><span style=\"font-family: Arial, Helvetica, sans-serif; font-size: 12pt;\"><strong>PROCEDIMIENTO:\u00a0<\/strong><\/span><\/h2>\n<p data-block-type=\"core\"><span style=\"font-family: Arial, Helvetica, sans-serif;\">El proceso de matr\u00edcula para la PAU se realizar\u00e1 \u00edntegramente de forma telem\u00e1tica. D<\/span><span style=\"font-family: Arial, Helvetica, sans-serif;\">eber\u00e1s a partir de la fecha que se indique<strong>\u00a0<\/strong>entrar en la aplicaci\u00f3n a trav\u00e9s del siguiente\u00a0<a href=\"http:\/\/www.ull.es\/apps\/ies\" target=\"_blank\" rel=\"noopener\" data-type=\"link\" data-id=\"http:\/\/www.ull.es\/apps\/ies\">enlace<\/a>.<\/span><\/p>\n<ul>\n<li><span style=\"font-family: Arial, Helvetica, sans-serif;\">A partir del 5 de mayo y antes de realizar la matr\u00edcula deber\u00e1s realizar la <strong>REVISI\u00d3N DE DATOS<\/strong>. <\/span><\/li>\n<li><span style=\"font-family: Arial, Helvetica, sans-serif;\">En funci\u00f3n de la convocatoria de la PAU, junio o julio, que te vayas a presentar,\u00a0 tendr\u00e1s que formalizar tu matr\u00edcula en los siguientes plazos:<\/span>\n<ul class=\"wp-block-list\" data-block-type=\"core\">\n<li data-block-type=\"core\"><span style=\"font-family: Arial, Helvetica, sans-serif;\">Convocatoria ordinaria de junio:<\/span>\n<ul class=\"wp-block-list\" data-block-type=\"core\">\n<li data-block-type=\"core\"><span style=\"font-family: Arial, Helvetica, sans-serif;\"><strong>Alumnado que repite la PAU o 1\u00aa vez y ha finalizado Bachillerato en a\u00f1os anteriores <\/strong>(<a href=\"https:\/\/www.ull.es\/admision-becas\/ebau\/mejorar-calificacion\/\" target=\"_blank\" rel=\"noreferrer noopener\">previa solicitud<\/a>): desde las 9:00 horas del 14 de mayo y hasta las 13:00 horas del 20 de mayo de 2026.<\/span><\/li>\n<li data-block-type=\"core\"><span style=\"font-family: Arial, Helvetica, sans-serif;\"><strong>Alumnado que finaliza Bachillerato y FP en el a\u00f1o 2026:\u00a0<\/strong>desde las 9:00 horas del 19 de mayo y hasta las 13:00 horas del 20 de mayo de 2026.<\/span><\/li>\n<\/ul>\n<\/li>\n<li><span style=\"font-family: Arial, Helvetica, sans-serif;\">Convocatoria extraordinaria de julio: desde las 9:00 horas y hasta las 13:00 horas del 23 de junio de 2026<\/span><\/li>\n<\/ul>\n<\/li>\n<\/ul>\n<\/li>\n<\/ul>\n<\/li>\n<\/ul>\n<\/li>\n<\/ul>","protected":false},"excerpt":{"rendered":"<p>El alumnado de Bachillerato que desee continuar estudios universitarios deber\u00e1 realizar las Pruebas de Acceso a la Universidad (PAU). Para ello debe inscribirse en la\u00a0UNIVERSIDAD DE LAS PALMAS DE GRAN CANARIA (ULPGC)\u00a0o en la\u00a0UNIVERSIDAD DE LA LAGUNA (ULL)\u00a0en los plazos establecidos por cada universidad: El alumnado de GRAN CANARIA, LANZAROTE y FUERTEVENTURA \u00a0debe inscribirse\u00a0en la [&hellip;]<\/p>","protected":false},"author":2,"featured_media":0,"comment_status":"closed","ping_status":"closed","sticky":false,"template":"","format":"standard","meta":{"footnotes":""},"categories":[1],"tags":[],"class_list":["post-3949","post","type-post","status-publish","format-standard","hentry","category-blog"],"_links":{"self":[{"href":"https:\/\/blogbachillerato.ecca.edu.es\/en\/wp-json\/wp\/v2\/posts\/3949","targetHints":{"allow":["GET"]}}],"collection":[{"href":"https:\/\/blogbachillerato.ecca.edu.es\/en\/wp-json\/wp\/v2\/posts"}],"about":[{"href":"https:\/\/blogbachillerato.ecca.edu.es\/en\/wp-json\/wp\/v2\/types\/post"}],"author":[{"embeddable":true,"href":"https:\/\/blogbachillerato.ecca.edu.es\/en\/wp-json\/wp\/v2\/users\/2"}],"replies":[{"embeddable":true,"href":"https:\/\/blogbachillerato.ecca.edu.es\/en\/wp-json\/wp\/v2\/comments?post=3949"}],"version-history":[{"count":4,"href":"https:\/\/blogbachillerato.ecca.edu.es\/en\/wp-json\/wp\/v2\/posts\/3949\/revisions"}],"predecessor-version":[{"id":3956,"href":"https:\/\/blogbachillerato.ecca.edu.es\/en\/wp-json\/wp\/v2\/posts\/3949\/revisions\/3956"}],"wp:attachment":[{"href":"https:\/\/blogbachillerato.ecca.edu.es\/en\/wp-json\/wp\/v2\/media?parent=3949"}],"wp:term":[{"taxonomy":"category","embeddable":true,"href":"https:\/\/blogbachillerato.ecca.edu.es\/en\/wp-json\/wp\/v2\/categories?post=3949"},{"taxonomy":"post_tag","embeddable":true,"href":"https:\/\/blogbachillerato.ecca.edu.es\/en\/wp-json\/wp\/v2\/tags?post=3949"}],"curies":[{"name":"wp","href":"https:\/\/api.w.org\/{rel}","templated":true}]}}